{"id":606,"date":"2021-04-08T14:21:00","date_gmt":"2021-04-08T12:21:00","guid":{"rendered":"https:\/\/www.sylt-fahrrad.de\/syltbybike\/?p=606"},"modified":"2021-12-07T11:58:51","modified_gmt":"2021-12-07T09:58:51","slug":"fahrradtour-sylt-sommer","status":"publish","type":"post","link":"https:\/\/www.sylt-fahrrad.de\/syltbybike\/fahrradtour-sylt-sommer\/","title":{"rendered":"Eine Fahrradtour auf Sylt im Sommer"},"content":{"rendered":"\t\t<div data-elementor-type=\"wp-post\" data-elementor-id=\"606\" class=\"elementor elementor-606\">\n\t\t\t\t\t\t<section class=\"elementor-section elementor-top-section elementor-element elementor-element-2420a14d elementor-section-boxed elementor-section-height-default elementor-section-height-default\" data-id=\"2420a14d\" data-element_type=\"section\" data-e-type=\"section\">\n\t\t\t\t\t\t<div class=\"elementor-container elementor-column-gap-default\">\n\t\t\t\t\t<div class=\"elementor-column elementor-col-100 elementor-top-column elementor-element elementor-element-34822bcf\" data-id=\"34822bcf\" data-element_type=\"column\" data-e-type=\"column\">\n\t\t\t<div class=\"elementor-widget-wrap elementor-element-populated\">\n\t\t\t\t\t\t<div class=\"elementor-element elementor-element-36b37c80 elementor-widget elementor-widget-text-editor\" data-id=\"36b37c80\" data-element_type=\"widget\" data-e-type=\"widget\" data-widget_type=\"text-editor.default\">\n\t\t\t\t<div class=\"elementor-widget-container\">\n\t\t\t\t\t\t\t\t\t<p><span style=\"font-style: inherit; font-weight: inherit;\">Endlich ist es wieder soweit! Der Sommer ist da und die Temperaturen steigen an. Sylt f\u00fcllt sich mit Leben und mit Farbe. Unser <a href=\"https:\/\/www.sylt-fahrrad.de\/\" target=\"_blank\" rel=\"noopener\">Fahrradverleih auf Sylt<\/a> freut sich auf viele Besucher, denn Sommer hei\u00dft auch, dass das Fahrradfahren begehrt ist. Oft ist Sylt schon im Voraus zum Gro\u00dfteil ausgebucht, weshalb wir empfehlen die Fahrr\u00e4der f\u00fcr den Sommer fr\u00fch genug online zu buchen, damit diese dann verbindlich f\u00fcr Sie reserviert sind und der sommerlichen Fahrradtour auf Sylt nichts mehr im Weg steht.<\/span><\/p><p><strong>Mit dem Fahrrad auf Sylt flexibel den Sommer genie\u00dfen<\/strong><\/p><p>Der Vorteil an einem Fahrrad im Sommer ist definitiv die Flexibilit\u00e4t. Erst mit dem Rad zum Strand, zum Relaxen oder f\u00fcr eine Badepause, anschlie\u00dfend zur n\u00e4chsten Bar oder zum n\u00e4chsten Restaurant f\u00fcr ein erfrischendes Getr\u00e4nk und abends einen HotSpot f\u00fcr einen unvergesslichen Sonnenuntergang entdecken. W\u00e4hrend Ihrer Fahrradtour auf Sylt im Sommer k\u00f6nnen Sie ganz entspannt ohne Zeitplan den Tag genie\u00dfen wie Sie das wollen und Sie k\u00f6nnen den ganzen Tag in der Sylter Natur verbringen. Bei unserem <a href=\"https:\/\/www.sylt-fahrrad.de\/\" target=\"_blank\" rel=\"noopener\">Fahrradverleih auf Sylt<\/a> k\u00f6nnen Sie sich zu Ihrem Fahrrad auch einen Korb mieten, um Badehandtuch, Wechselklamotten und Verpflegung auf Ihre Fahrradtour auf Sylt mitzunehmen.<\/p><p><strong>Ein E-Bike auf Sylt mieten, um lange Sommertage auszukosten<\/strong><\/p><p>So ein Sommertag kann uns bis zu 17 Stunden Tageslicht schenken. Und nur, weil es dunkel wird, ist ein Tag auf Sylt ja auch noch lange nicht vorbei. An diesen langen Tagen ist Sylt da, um Sylt zu leben. Das kann aber auch sehr anstrengend werden. Wenn Sie sich bei unserem Fahrradverleih auf Sylt ein <a href=\"https:\/\/www.sylt-fahrrad.de\/e-bike-mieten\" target=\"_blank\" rel=\"noopener\">E-Bike mieten<\/a>, kommen Sie ohne gro\u00dfe Anstrengung von A nach B. Sie treten immer noch in die Pedale, aber der Motor eines E-Bikes unterst\u00fctzt Sie beim Fahren, wenn Sie es brauchen. Das kann besonders an warmen Tagen mit Gegenwind sehr angenehm sein und Ihre Fahrradtour auf Sylt sehr viel entspannter gestalten. Sollten Sie mit Ihren Kindern und\/oder Ihrem Hund unterwegs sein, haben wir nat\u00fcrlich auch Fahrradanh\u00e4nger f\u00fcr Kinder und auch Fahrradanh\u00e4nger sowie K\u00f6rbe f\u00fcr Hunde, die auch kompatibel mit unseren E-Bikes sind. Hier k\u00f6nnen Sie alles an <a href=\"https:\/\/www.sylt-fahrrad.de\/anhaenger-mieten\" target=\"_blank\" rel=\"noopener\">Zubeh\u00f6r f\u00fcr Fahrr\u00e4der mieten<\/a>.<\/p><p><strong>Weitere Tipps f\u00fcr Sylter Sommertage mit dem Fahrrad<\/strong><\/p><p>Bevor Sie Ihre Tage auf Sylt planen, fragen Sie sich kurz, was Sie am liebsten haben. Ruhe und Natur? Oder Exklusivit\u00e4t und Events? Auf Sylt k\u00f6nnen Sie sowohl das Eine als auch das Andere erleben. Sollten Sie sich nach Ruhe und Natur sehnen, dann w\u00e4re eine Fahrradtour zu weniger besuchten Str\u00e4nden und Locations genau das Richtige. Auch wenn auf Sylt im Sommer viel los ist, finden Sie dennoch stille und sch\u00f6ne Orte. Begeben Sie sich bei Ihrer Fahrradtour auf Sylt einfach auf die Suche und finden Sie Ihren eigenen kleinen Lieblingsplatz. Auf der anderen Seite gibt es Orte wie Kampen, wo Sie im Sommer gute Chancen haben auf Prominenz zu sto\u00dfen sowie das \u201eSansibar\u201c als das beliebteste Restaurant auf Sylt, wo zu jeder Tageszeit etwas los ist, ob Brunch, BBQ oder Kaviar und Champagner. Zudem gibt es auf Sylt im Sommer unz\u00e4hlige gro\u00dfartige Veranstaltungen, die Sie besuchen k\u00f6nnen. Da ist f\u00fcr jeden etwas dabei.<\/p><p><!-- \/wp:paragraph --><\/p>\t\t\t\t\t\t\t\t<\/div>\n\t\t\t\t<\/div>\n\t\t\t\t\t<\/div>\n\t\t<\/div>\n\t\t\t\t\t<\/div>\n\t\t<\/section>\n\t\t\t\t<\/div>\n\t\t","protected":false},"excerpt":{"rendered":"<p>Endlich ist es wieder soweit!<br \/>\nDer Sommer ist da und die Temperaturen steigen an. Sylt f\u00fcllt sich mit Leben und mit Farbe. Unser Fahrradverleih auf Sylt freut sich auf viele Besucher, denn Sommer hei\u00dft auch, dass das Fahrradfahren begehrt ist. Oft ist unser Fahrradverleih&#8230;<\/p>\n","protected":false},"author":1,"featured_media":860,"comment_status":"closed","ping_status":"closed","sticky":false,"template":"","format":"standard","meta":{"inline_featured_image":false,"site-sidebar-layout":"default","site-content-layout":"default","ast-main-header-display":"","ast-hfb-above-header-display":"","ast-hfb-below-header-display":"","ast-hfb-mobile-header-display":"","site-post-title":"","ast-breadcrumbs-content":"","ast-featured-img":"","footer-sml-layout":"","theme-transparent-header-meta":"default","adv-header-id-meta":"","stick-header-meta":"","header-above-stick-meta":"","header-main-stick-meta":"","header-below-stick-meta":"","footnotes":""},"categories":[6],"tags":[],"class_list":["post-606","post","type-post","status-publish","format-standard","has-post-thumbnail","hentry","category-jahreszeiten"],"yoast_head":"<!-- This site is optimized with the Yoast SEO plugin v27.5 - https:\/\/yoast.com\/product\/yoast-seo-wordpress\/ -->\n<title>Eine Fahrradtour auf Sylt im Sommer - Sylt-Fahrrad.de<\/title>\n<meta name=\"robots\" content=\"index, follow, max-snippet:-1, max-image-preview:large, max-video-preview:-1\" \/>\n<link rel=\"canonical\" href=\"https:\/\/www.sylt-fahrrad.de\/syltbybike\/fahrradtour-sylt-sommer\/\" \/>\n<meta property=\"og:locale\" content=\"de_DE\" \/>\n<meta property=\"og:type\" content=\"article\" \/>\n<meta property=\"og:title\" content=\"Eine Fahrradtour auf Sylt im Sommer - Sylt-Fahrrad.de\" \/>\n<meta property=\"og:description\" content=\"Endlich ist es wieder soweit! Der Sommer ist da und die Temperaturen steigen an. Sylt f\u00fcllt sich mit Leben und mit Farbe. Unser Fahrradverleih auf Sylt freut sich auf viele Besucher, denn Sommer hei\u00dft auch, dass das Fahrradfahren begehrt ist. Oft ist unser Fahrradverleih...\" \/>\n<meta property=\"og:url\" content=\"https:\/\/www.sylt-fahrrad.de\/syltbybike\/fahrradtour-sylt-sommer\/\" \/>\n<meta property=\"og:site_name\" content=\"Sylt-Fahrrad.de\" \/>\n<meta property=\"article:published_time\" content=\"2021-04-08T12:21:00+00:00\" \/>\n<meta property=\"article:modified_time\" content=\"2021-12-07T09:58:51+00:00\" \/>\n<meta property=\"og:image\" content=\"https:\/\/sylt-fahrrad-de-syltbybike.s3.eu-central-1.amazonaws.com\/uploads\/2021\/04\/Sylt-Treppe-zum-Strand.jpg\" \/>\n\t<meta property=\"og:image:width\" content=\"960\" \/>\n\t<meta property=\"og:image:height\" content=\"643\" \/>\n\t<meta property=\"og:image:type\" content=\"image\/jpeg\" \/>\n<meta name=\"author\" content=\"Sylt-Fahrrad\" \/>\n<meta name=\"twitter:card\" content=\"summary_large_image\" \/>\n<script type=\"application\/ld+json\" class=\"yoast-schema-graph\">{\"@context\":\"https:\\\/\\\/schema.org\",\"@graph\":[{\"@type\":\"Article\",\"@id\":\"https:\\\/\\\/www.sylt-fahrrad.de\\\/syltbybike\\\/fahrradtour-sylt-sommer\\\/#article\",\"isPartOf\":{\"@id\":\"https:\\\/\\\/www.sylt-fahrrad.de\\\/syltbybike\\\/fahrradtour-sylt-sommer\\\/\"},\"author\":{\"name\":\"Sylt-Fahrrad\",\"@id\":\"https:\\\/\\\/www.sylt-fahrrad.de\\\/syltbybike\\\/#\\\/schema\\\/person\\\/ae6ccc097a4197b40e7853c0cf9337b3\"},\"headline\":\"Eine Fahrradtour auf Sylt im Sommer\",\"datePublished\":\"2021-04-08T12:21:00+00:00\",\"dateModified\":\"2021-12-07T09:58:51+00:00\",\"mainEntityOfPage\":{\"@id\":\"https:\\\/\\\/www.sylt-fahrrad.de\\\/syltbybike\\\/fahrradtour-sylt-sommer\\\/\"},\"wordCount\":558,\"publisher\":{\"@id\":\"https:\\\/\\\/www.sylt-fahrrad.de\\\/syltbybike\\\/#organization\"},\"image\":{\"@id\":\"https:\\\/\\\/www.sylt-fahrrad.de\\\/syltbybike\\\/fahrradtour-sylt-sommer\\\/#primaryimage\"},\"thumbnailUrl\":\"https:\\\/\\\/sylt-fahrrad-de-syltbybike.s3.eu-central-1.amazonaws.com\\\/uploads\\\/2021\\\/04\\\/Sylt-Treppe-zum-Strand.jpg\",\"articleSection\":[\"Jahreszeiten\"],\"inLanguage\":\"de\"},{\"@type\":\"WebPage\",\"@id\":\"https:\\\/\\\/www.sylt-fahrrad.de\\\/syltbybike\\\/fahrradtour-sylt-sommer\\\/\",\"url\":\"https:\\\/\\\/www.sylt-fahrrad.de\\\/syltbybike\\\/fahrradtour-sylt-sommer\\\/\",\"name\":\"Eine Fahrradtour auf Sylt im Sommer - Sylt-Fahrrad.de\",\"isPartOf\":{\"@id\":\"https:\\\/\\\/www.sylt-fahrrad.de\\\/syltbybike\\\/#website\"},\"primaryImageOfPage\":{\"@id\":\"https:\\\/\\\/www.sylt-fahrrad.de\\\/syltbybike\\\/fahrradtour-sylt-sommer\\\/#primaryimage\"},\"image\":{\"@id\":\"https:\\\/\\\/www.sylt-fahrrad.de\\\/syltbybike\\\/fahrradtour-sylt-sommer\\\/#primaryimage\"},\"thumbnailUrl\":\"https:\\\/\\\/sylt-fahrrad-de-syltbybike.s3.eu-central-1.amazonaws.com\\\/uploads\\\/2021\\\/04\\\/Sylt-Treppe-zum-Strand.jpg\",\"datePublished\":\"2021-04-08T12:21:00+00:00\",\"dateModified\":\"2021-12-07T09:58:51+00:00\",\"breadcrumb\":{\"@id\":\"https:\\\/\\\/www.sylt-fahrrad.de\\\/syltbybike\\\/fahrradtour-sylt-sommer\\\/#breadcrumb\"},\"inLanguage\":\"de\",\"potentialAction\":[{\"@type\":\"ReadAction\",\"target\":[\"https:\\\/\\\/www.sylt-fahrrad.de\\\/syltbybike\\\/fahrradtour-sylt-sommer\\\/\"]}]},{\"@type\":\"ImageObject\",\"inLanguage\":\"de\",\"@id\":\"https:\\\/\\\/www.sylt-fahrrad.de\\\/syltbybike\\\/fahrradtour-sylt-sommer\\\/#primaryimage\",\"url\":\"https:\\\/\\\/sylt-fahrrad-de-syltbybike.s3.eu-central-1.amazonaws.com\\\/uploads\\\/2021\\\/04\\\/Sylt-Treppe-zum-Strand.jpg\",\"contentUrl\":\"https:\\\/\\\/sylt-fahrrad-de-syltbybike.s3.eu-central-1.amazonaws.com\\\/uploads\\\/2021\\\/04\\\/Sylt-Treppe-zum-Strand.jpg\",\"width\":960,\"height\":643,\"caption\":\"Sylt Treppe zum Strand\"},{\"@type\":\"BreadcrumbList\",\"@id\":\"https:\\\/\\\/www.sylt-fahrrad.de\\\/syltbybike\\\/fahrradtour-sylt-sommer\\\/#breadcrumb\",\"itemListElement\":[{\"@type\":\"ListItem\",\"position\":1,\"name\":\"Startseite\",\"item\":\"https:\\\/\\\/www.sylt-fahrrad.de\\\/syltbybike\\\/\"},{\"@type\":\"ListItem\",\"position\":2,\"name\":\"Jahreszeiten\",\"item\":\"https:\\\/\\\/www.sylt-fahrrad.de\\\/syltbybike\\\/jahreszeiten\\\/\"},{\"@type\":\"ListItem\",\"position\":3,\"name\":\"Eine Fahrradtour auf Sylt im Sommer\"}]},{\"@type\":\"WebSite\",\"@id\":\"https:\\\/\\\/www.sylt-fahrrad.de\\\/syltbybike\\\/#website\",\"url\":\"https:\\\/\\\/www.sylt-fahrrad.de\\\/syltbybike\\\/\",\"name\":\"Sylt-Fahrrad.de\",\"description\":\"SYLT BY BIKE\",\"publisher\":{\"@id\":\"https:\\\/\\\/www.sylt-fahrrad.de\\\/syltbybike\\\/#organization\"},\"potentialAction\":[{\"@type\":\"SearchAction\",\"target\":{\"@type\":\"EntryPoint\",\"urlTemplate\":\"https:\\\/\\\/www.sylt-fahrrad.de\\\/syltbybike\\\/?s={search_term_string}\"},\"query-input\":{\"@type\":\"PropertyValueSpecification\",\"valueRequired\":true,\"valueName\":\"search_term_string\"}}],\"inLanguage\":\"de\"},{\"@type\":\"Organization\",\"@id\":\"https:\\\/\\\/www.sylt-fahrrad.de\\\/syltbybike\\\/#organization\",\"name\":\"Sylt-Fahrrad.de\",\"url\":\"https:\\\/\\\/www.sylt-fahrrad.de\\\/syltbybike\\\/\",\"logo\":{\"@type\":\"ImageObject\",\"inLanguage\":\"de\",\"@id\":\"https:\\\/\\\/www.sylt-fahrrad.de\\\/syltbybike\\\/#\\\/schema\\\/logo\\\/image\\\/\",\"url\":\"https:\\\/\\\/sylt-fahrrad-de-syltbybike.s3.eu-central-1.amazonaws.com\\\/uploads\\\/2021\\\/05\\\/sylt-fahrrad-logo.svg\",\"contentUrl\":\"https:\\\/\\\/sylt-fahrrad-de-syltbybike.s3.eu-central-1.amazonaws.com\\\/uploads\\\/2021\\\/05\\\/sylt-fahrrad-logo.svg\",\"width\":173,\"height\":30,\"caption\":\"Sylt-Fahrrad.de\"},\"image\":{\"@id\":\"https:\\\/\\\/www.sylt-fahrrad.de\\\/syltbybike\\\/#\\\/schema\\\/logo\\\/image\\\/\"}},{\"@type\":\"Person\",\"@id\":\"https:\\\/\\\/www.sylt-fahrrad.de\\\/syltbybike\\\/#\\\/schema\\\/person\\\/ae6ccc097a4197b40e7853c0cf9337b3\",\"name\":\"Sylt-Fahrrad\",\"image\":{\"@type\":\"ImageObject\",\"inLanguage\":\"de\",\"@id\":\"https:\\\/\\\/secure.gravatar.com\\\/avatar\\\/12d2ad5bf6fac04f5d5ea1fb360fb190d76fa4e386bbf069a21e77efe15dac53?s=96&d=mm&r=g\",\"url\":\"https:\\\/\\\/secure.gravatar.com\\\/avatar\\\/12d2ad5bf6fac04f5d5ea1fb360fb190d76fa4e386bbf069a21e77efe15dac53?s=96&d=mm&r=g\",\"contentUrl\":\"https:\\\/\\\/secure.gravatar.com\\\/avatar\\\/12d2ad5bf6fac04f5d5ea1fb360fb190d76fa4e386bbf069a21e77efe15dac53?s=96&d=mm&r=g\",\"caption\":\"Sylt-Fahrrad\"},\"sameAs\":[\"https:\\\/\\\/www.sylt-fahrrad.de\\\/syltbybike\\\/\"]}]}<\/script>\n<!-- \/ Yoast SEO plugin. -->","yoast_head_json":{"title":"Eine Fahrradtour auf Sylt im Sommer - Sylt-Fahrrad.de","robots":{"index":"index","follow":"follow","max-snippet":"max-snippet:-1","max-image-preview":"max-image-preview:large","max-video-preview":"max-video-preview:-1"},"canonical":"https:\/\/www.sylt-fahrrad.de\/syltbybike\/fahrradtour-sylt-sommer\/","og_locale":"de_DE","og_type":"article","og_title":"Eine Fahrradtour auf Sylt im Sommer - Sylt-Fahrrad.de","og_description":"Endlich ist es wieder soweit! Der Sommer ist da und die Temperaturen steigen an. Sylt f\u00fcllt sich mit Leben und mit Farbe. Unser Fahrradverleih auf Sylt freut sich auf viele Besucher, denn Sommer hei\u00dft auch, dass das Fahrradfahren begehrt ist. Oft ist unser Fahrradverleih...","og_url":"https:\/\/www.sylt-fahrrad.de\/syltbybike\/fahrradtour-sylt-sommer\/","og_site_name":"Sylt-Fahrrad.de","article_published_time":"2021-04-08T12:21:00+00:00","article_modified_time":"2021-12-07T09:58:51+00:00","og_image":[{"width":960,"height":643,"url":"https:\/\/sylt-fahrrad-de-syltbybike.s3.eu-central-1.amazonaws.com\/uploads\/2021\/04\/Sylt-Treppe-zum-Strand.jpg","type":"image\/jpeg"}],"author":"Sylt-Fahrrad","twitter_card":"summary_large_image","schema":{"@context":"https:\/\/schema.org","@graph":[{"@type":"Article","@id":"https:\/\/www.sylt-fahrrad.de\/syltbybike\/fahrradtour-sylt-sommer\/#article","isPartOf":{"@id":"https:\/\/www.sylt-fahrrad.de\/syltbybike\/fahrradtour-sylt-sommer\/"},"author":{"name":"Sylt-Fahrrad","@id":"https:\/\/www.sylt-fahrrad.de\/syltbybike\/#\/schema\/person\/ae6ccc097a4197b40e7853c0cf9337b3"},"headline":"Eine Fahrradtour auf Sylt im Sommer","datePublished":"2021-04-08T12:21:00+00:00","dateModified":"2021-12-07T09:58:51+00:00","mainEntityOfPage":{"@id":"https:\/\/www.sylt-fahrrad.de\/syltbybike\/fahrradtour-sylt-sommer\/"},"wordCount":558,"publisher":{"@id":"https:\/\/www.sylt-fahrrad.de\/syltbybike\/#organization"},"image":{"@id":"https:\/\/www.sylt-fahrrad.de\/syltbybike\/fahrradtour-sylt-sommer\/#primaryimage"},"thumbnailUrl":"https:\/\/sylt-fahrrad-de-syltbybike.s3.eu-central-1.amazonaws.com\/uploads\/2021\/04\/Sylt-Treppe-zum-Strand.jpg","articleSection":["Jahreszeiten"],"inLanguage":"de"},{"@type":"WebPage","@id":"https:\/\/www.sylt-fahrrad.de\/syltbybike\/fahrradtour-sylt-sommer\/","url":"https:\/\/www.sylt-fahrrad.de\/syltbybike\/fahrradtour-sylt-sommer\/","name":"Eine Fahrradtour auf Sylt im Sommer - Sylt-Fahrrad.de","isPartOf":{"@id":"https:\/\/www.sylt-fahrrad.de\/syltbybike\/#website"},"primaryImageOfPage":{"@id":"https:\/\/www.sylt-fahrrad.de\/syltbybike\/fahrradtour-sylt-sommer\/#primaryimage"},"image":{"@id":"https:\/\/www.sylt-fahrrad.de\/syltbybike\/fahrradtour-sylt-sommer\/#primaryimage"},"thumbnailUrl":"https:\/\/sylt-fahrrad-de-syltbybike.s3.eu-central-1.amazonaws.com\/uploads\/2021\/04\/Sylt-Treppe-zum-Strand.jpg","datePublished":"2021-04-08T12:21:00+00:00","dateModified":"2021-12-07T09:58:51+00:00","breadcrumb":{"@id":"https:\/\/www.sylt-fahrrad.de\/syltbybike\/fahrradtour-sylt-sommer\/#breadcrumb"},"inLanguage":"de","potentialAction":[{"@type":"ReadAction","target":["https:\/\/www.sylt-fahrrad.de\/syltbybike\/fahrradtour-sylt-sommer\/"]}]},{"@type":"ImageObject","inLanguage":"de","@id":"https:\/\/www.sylt-fahrrad.de\/syltbybike\/fahrradtour-sylt-sommer\/#primaryimage","url":"https:\/\/sylt-fahrrad-de-syltbybike.s3.eu-central-1.amazonaws.com\/uploads\/2021\/04\/Sylt-Treppe-zum-Strand.jpg","contentUrl":"https:\/\/sylt-fahrrad-de-syltbybike.s3.eu-central-1.amazonaws.com\/uploads\/2021\/04\/Sylt-Treppe-zum-Strand.jpg","width":960,"height":643,"caption":"Sylt Treppe zum Strand"},{"@type":"BreadcrumbList","@id":"https:\/\/www.sylt-fahrrad.de\/syltbybike\/fahrradtour-sylt-sommer\/#breadcrumb","itemListElement":[{"@type":"ListItem","position":1,"name":"Startseite","item":"https:\/\/www.sylt-fahrrad.de\/syltbybike\/"},{"@type":"ListItem","position":2,"name":"Jahreszeiten","item":"https:\/\/www.sylt-fahrrad.de\/syltbybike\/jahreszeiten\/"},{"@type":"ListItem","position":3,"name":"Eine Fahrradtour auf Sylt im Sommer"}]},{"@type":"WebSite","@id":"https:\/\/www.sylt-fahrrad.de\/syltbybike\/#website","url":"https:\/\/www.sylt-fahrrad.de\/syltbybike\/","name":"Sylt-Fahrrad.de","description":"SYLT BY BIKE","publisher":{"@id":"https:\/\/www.sylt-fahrrad.de\/syltbybike\/#organization"},"potentialAction":[{"@type":"SearchAction","target":{"@type":"EntryPoint","urlTemplate":"https:\/\/www.sylt-fahrrad.de\/syltbybike\/?s={search_term_string}"},"query-input":{"@type":"PropertyValueSpecification","valueRequired":true,"valueName":"search_term_string"}}],"inLanguage":"de"},{"@type":"Organization","@id":"https:\/\/www.sylt-fahrrad.de\/syltbybike\/#organization","name":"Sylt-Fahrrad.de","url":"https:\/\/www.sylt-fahrrad.de\/syltbybike\/","logo":{"@type":"ImageObject","inLanguage":"de","@id":"https:\/\/www.sylt-fahrrad.de\/syltbybike\/#\/schema\/logo\/image\/","url":"https:\/\/sylt-fahrrad-de-syltbybike.s3.eu-central-1.amazonaws.com\/uploads\/2021\/05\/sylt-fahrrad-logo.svg","contentUrl":"https:\/\/sylt-fahrrad-de-syltbybike.s3.eu-central-1.amazonaws.com\/uploads\/2021\/05\/sylt-fahrrad-logo.svg","width":173,"height":30,"caption":"Sylt-Fahrrad.de"},"image":{"@id":"https:\/\/www.sylt-fahrrad.de\/syltbybike\/#\/schema\/logo\/image\/"}},{"@type":"Person","@id":"https:\/\/www.sylt-fahrrad.de\/syltbybike\/#\/schema\/person\/ae6ccc097a4197b40e7853c0cf9337b3","name":"Sylt-Fahrrad","image":{"@type":"ImageObject","inLanguage":"de","@id":"https:\/\/secure.gravatar.com\/avatar\/12d2ad5bf6fac04f5d5ea1fb360fb190d76fa4e386bbf069a21e77efe15dac53?s=96&d=mm&r=g","url":"https:\/\/secure.gravatar.com\/avatar\/12d2ad5bf6fac04f5d5ea1fb360fb190d76fa4e386bbf069a21e77efe15dac53?s=96&d=mm&r=g","contentUrl":"https:\/\/secure.gravatar.com\/avatar\/12d2ad5bf6fac04f5d5ea1fb360fb190d76fa4e386bbf069a21e77efe15dac53?s=96&d=mm&r=g","caption":"Sylt-Fahrrad"},"sameAs":["https:\/\/www.sylt-fahrrad.de\/syltbybike\/"]}]}},"_links":{"self":[{"href":"https:\/\/www.sylt-fahrrad.de\/syltbybike\/wp-json\/wp\/v2\/posts\/606","targetHints":{"allow":["GET"]}}],"collection":[{"href":"https:\/\/www.sylt-fahrrad.de\/syltbybike\/wp-json\/wp\/v2\/posts"}],"about":[{"href":"https:\/\/www.sylt-fahrrad.de\/syltbybike\/wp-json\/wp\/v2\/types\/post"}],"author":[{"embeddable":true,"href":"https:\/\/www.sylt-fahrrad.de\/syltbybike\/wp-json\/wp\/v2\/users\/1"}],"replies":[{"embeddable":true,"href":"https:\/\/www.sylt-fahrrad.de\/syltbybike\/wp-json\/wp\/v2\/comments?post=606"}],"version-history":[{"count":19,"href":"https:\/\/www.sylt-fahrrad.de\/syltbybike\/wp-json\/wp\/v2\/posts\/606\/revisions"}],"predecessor-version":[{"id":6168,"href":"https:\/\/www.sylt-fahrrad.de\/syltbybike\/wp-json\/wp\/v2\/posts\/606\/revisions\/6168"}],"wp:featuredmedia":[{"embeddable":true,"href":"https:\/\/www.sylt-fahrrad.de\/syltbybike\/wp-json\/wp\/v2\/media\/860"}],"wp:attachment":[{"href":"https:\/\/www.sylt-fahrrad.de\/syltbybike\/wp-json\/wp\/v2\/media?parent=606"}],"wp:term":[{"taxonomy":"category","embeddable":true,"href":"https:\/\/www.sylt-fahrrad.de\/syltbybike\/wp-json\/wp\/v2\/categories?post=606"},{"taxonomy":"post_tag","embeddable":true,"href":"https:\/\/www.sylt-fahrrad.de\/syltbybike\/wp-json\/wp\/v2\/tags?post=606"}],"curies":[{"name":"wp","href":"https:\/\/api.w.org\/{rel}","templated":true}]}}